{"id":9925,"date":"2017-09-18T10:30:05","date_gmt":"2017-09-18T13:30:05","guid":{"rendered":"http:\/\/www.condominiosverdes.com.br\/no-vaya-por-las-escaleras-vaya-en-bicicleta\/"},"modified":"2017-08-28T15:45:24","modified_gmt":"2017-08-28T18:45:24","slug":"no-vaya-por-las-escaleras-vaya-en-bicicleta","status":"publish","type":"post","link":"https:\/\/www.condominiosverdes.com.br\/es\/no-vaya-por-las-escaleras-vaya-en-bicicleta\/","title":{"rendered":"\u00a1No vaya por las escaleras! \u00bfVaya en bicicleta?"},"content":{"rendered":"<p>Como sabemos, <strong>el ascensor es uno de los grandes villanos del consumo en un edificio<\/strong>. Ya hemos mostrado aqu\u00ed en el blog algunos <a href=\"http:\/\/www.condominiosverdes.com.br\/es\/ahorre-electricidad-en-el-ascensor-de-su-condominio\/\" target=\"_blank\" rel=\"noopener noreferrer\"><em><strong>consejos para ahorrara electricidad en el ascensor de su condominio<\/strong><\/em><\/a>, pero, \u00bfalg\u00fan d\u00eda habr\u00e1 alternativa? La primera opci\u00f3n que nos viene a la cabeza es <strong>la escalera<\/strong> que, adem\u00e1s, proporciona a las personas la oportunidad de <strong>moverse y practicar ejercicio f\u00edsico<\/strong>. Pero, \u00bfhabr\u00e1 otra opci\u00f3n? Si dependiera de Elena Larriba, graduada en Ingenier\u00eda de Dise\u00f1o de Innovaci\u00f3n, la respuesta es s\u00ed: <strong>una bicicleta<\/strong>.<\/p>\n<p>\u00bfNo lo ha entendido? \u00a1Tranquilo, ahora se lo explicamos (risas)! Elena desarroll\u00f3 un prototipo que tiene como objetivo <strong>servir como opci\u00f3n para los desplazamientos entre los pisos de un edificio<\/strong>. Se trata de una bicicleta que, al ser usada, <strong>permite el desplazamiento vertical de las personas<\/strong>. Bautizada como Vycle, posee manillares, pedales y sillines, como una bicicleta cualquiera. Pero, en vez de ruedas, cuenta con una <strong>estructura en la parte trasera que puede ser fijada en un carril<\/strong>.<\/p>\n<p><img loading=\"lazy\" decoding=\"async\" class=\"aligncenter size-full wp-image-9919\" src=\"http:\/\/www.condominiosverdes.com.br\/wp-content\/uploads\/2017\/08\/bicicleta-subir-escadas.jpg\" alt=\"bicicleta-subir-escadas\" width=\"750\" height=\"563\" srcset=\"https:\/\/www.condominiosverdes.com.br\/wp-content\/uploads\/2017\/08\/bicicleta-subir-escadas.jpg 750w, https:\/\/www.condominiosverdes.com.br\/wp-content\/uploads\/2017\/08\/bicicleta-subir-escadas-300x225.jpg 300w, https:\/\/www.condominiosverdes.com.br\/wp-content\/uploads\/2017\/08\/bicicleta-subir-escadas-300x225@2x.jpg 600w\" sizes=\"auto, (max-width: 750px) 100vw, 750px\" \/>Tal vez se est\u00e9 preguntando: <strong>\u201c\u00bfser\u00e1 muy pesada para ser pedaleaada?\u201d<\/strong> Seg\u00fan Elena, la fuerza necesaria para promover el desplazamiento de la bicicleta <strong>es b\u00e1sicamente la misma necesaria para superar el peso de nuestro cuerpo<\/strong>, muy parecida con la utilizada en una bici com\u00fan.<\/p>\n<p>Larriba tambi\u00e9n destaca dos beneficios que el Vycle podr\u00eda traer al ser implementado en nuevas construcciones. Adem\u00e1s de <strong>contribuir para el medio ambiente, al ahorrar la energ\u00eda que los ascensores gastar\u00edan<\/strong>, la bicicleta traer\u00eda <strong>menos problemas a los arquitectos<\/strong> a la hora de proyectar los edificios. Esto porque no tendr\u00edan que reservar los espacios destinados para ascensores y escaleras.<\/p>\n<p><iframe loading=\"lazy\" width=\"770\" height=\"433\" src=\"https:\/\/www.youtube.com\/embed\/pJFmnPkS4ts?feature=oembed\" frameborder=\"0\" allowfullscreen><\/iframe><\/p>\n<p><a href=\"http:\/\/www.condominiosverdes.com.br\/es\/escalera-o-ascensor-es-la-cuestion\/\" target=\"_blank\" rel=\"noopener noreferrer\"><strong><em>Lea m\u00e1s: Escalera o ascensor, es la cuesti\u00f3n<\/em><\/strong><\/a><\/p>\n<p><em><strong>\u00abLas escaleras son voluminosas y poco atractivas, especialmente en edificios de alto nivel econ\u00f3mico, donde las personas normalmente no las usan, y los ascensores exigen mucha energ\u00eda para mover una persona a algunos metros de distancia\u00bb<\/strong>, <\/em>dice Elena. Para ser incluido en los proyectos de condominios de alto nivel, el Vycle tendr\u00eda que ser redise\u00f1ado y ya hay una simulaci\u00f3n de como quedar\u00eda. Vea en las im\u00e1genes abajo:<\/p>\n<p><img loading=\"lazy\" decoding=\"async\" class=\"aligncenter size-full wp-image-9922\" src=\"http:\/\/www.condominiosverdes.com.br\/wp-content\/uploads\/2017\/08\/bicicleta-subir-escadas-01.jpg\" alt=\"bicicleta-subir-escadas-01\" width=\"700\" height=\"394\" srcset=\"https:\/\/www.condominiosverdes.com.br\/wp-content\/uploads\/2017\/08\/bicicleta-subir-escadas-01.jpg 700w, https:\/\/www.condominiosverdes.com.br\/wp-content\/uploads\/2017\/08\/bicicleta-subir-escadas-01-300x169.jpg 300w, https:\/\/www.condominiosverdes.com.br\/wp-content\/uploads\/2017\/08\/bicicleta-subir-escadas-01-300x169@2x.jpg 600w\" sizes=\"auto, (max-width: 700px) 100vw, 700px\" \/><img loading=\"lazy\" decoding=\"async\" class=\"aligncenter size-full wp-image-9923\" src=\"http:\/\/www.condominiosverdes.com.br\/wp-content\/uploads\/2017\/08\/bicicleta-subir-escadas-02.jpg\" alt=\"bicicleta-subir-escadas-02\" width=\"700\" height=\"394\" srcset=\"https:\/\/www.condominiosverdes.com.br\/wp-content\/uploads\/2017\/08\/bicicleta-subir-escadas-02.jpg 700w, https:\/\/www.condominiosverdes.com.br\/wp-content\/uploads\/2017\/08\/bicicleta-subir-escadas-02-300x169.jpg 300w, https:\/\/www.condominiosverdes.com.br\/wp-content\/uploads\/2017\/08\/bicicleta-subir-escadas-02-300x169@2x.jpg 600w\" sizes=\"auto, (max-width: 700px) 100vw, 700px\" \/>Hemos encontrado en el Vycle una soluci\u00f3n muy interesante que podr\u00eda ser probada. Lo que pasa es que, hasta el momento, ellos llevan a una persona de cada \u00a0vez, <strong>lo que ser\u00eda un trastorno para los edificios con gran movimiento<\/strong>. Adem\u00e1s, retirar las escaleras <strong>puede no ser una estrategia adecuada para la seguridad de los ocupantes<\/strong>, ya que en caso de incendios, la escalera sigue siendo la mejor opci\u00f3n.<\/p>\n<p>\u00a1De todos modos, esperamos noticias sobre el proyecto! \u00a1Si se planifica bien, se trata de una <strong>soluci\u00f3n innovadora, sustentable y, \u00bfpor qu\u00e9 no?, divertida<\/strong> (risas)! \u00a1No olvide compartir este post con sus amigos! \ud83d\ude42<\/p>\n<p><strong><em>* Fuente: <a href=\"https:\/\/www.dezeen.com\/2017\/07\/04\/vertical-transportation-system-allows-city-dwellers-cycle-up-skyscrapers-royal-college-art-design-graduates\/\" target=\"_blank\" rel=\"noopener noreferrer\">Dezeen<\/a><\/em><\/strong><\/p>\n","protected":false},"excerpt":{"rendered":"<p>Como sabemos, el ascensor es uno de los grandes villanos del consumo en un edificio. Ya hemos mostrado aqu\u00ed en el blog algunos consejos para ahorrara electricidad en el ascensor de su condominio, pero, \u00bfalg\u00fan d\u00eda habr\u00e1 alternativa? La primera opci\u00f3n que nos viene a la cabeza es la escalera que, adem\u00e1s, proporciona a las<\/p>\n","protected":false},"author":1,"featured_media":9918,"comment_status":"closed","ping_status":"closed","sticky":false,"template":"","format":"standard","meta":{"_monsterinsights_skip_tracking":false,"_monsterinsights_sitenote_active":false,"_monsterinsights_sitenote_note":"","_monsterinsights_sitenote_category":0,"footnotes":""},"categories":[146],"tags":[161,136,159,129,154],"class_list":{"0":"post-9925","1":"post","2":"type-post","3":"status-publish","4":"format-standard","5":"has-post-thumbnail","7":"category-tecnologia-es","8":"tag-arquitectura-sostenible","9":"tag-consumo-consciente-es","10":"tag-economia-de-energia-es","11":"tag-slider-es","12":"tag-tecnologia"},"yoast_head":"<!-- This site is optimized with the Yoast SEO plugin v27.5 - https:\/\/yoast.com\/product\/yoast-seo-wordpress\/ -->\n<title>\u00a1No vaya por las escaleras! \u00bfVaya en bicicleta? - Condom\u00ednios Verdes<\/title>\n<meta name=\"description\" content=\"El ascensor es uno de los grandes villanos del consumo en un edificio. \u00bfalg\u00fan d\u00eda habr\u00e1 alternativa? La respuesta es s\u00ed: una bicicleta.\" \/>\n<meta name=\"robots\" content=\"index, follow, max-snippet:-1, max-image-preview:large, max-video-preview:-1\" \/>\n<link rel=\"canonical\" href=\"https:\/\/www.condominiosverdes.com.br\/es\/no-vaya-por-las-escaleras-vaya-en-bicicleta\/\" \/>\n<meta property=\"og:locale\" content=\"es_ES\" \/>\n<meta property=\"og:type\" content=\"article\" \/>\n<meta property=\"og:title\" content=\"\u00a1No vaya por las escaleras! \u00bfVaya en bicicleta? - Condom\u00ednios Verdes\" \/>\n<meta property=\"og:description\" content=\"El ascensor es uno de los grandes villanos del consumo en un edificio. \u00bfalg\u00fan d\u00eda habr\u00e1 alternativa? La respuesta es s\u00ed: una bicicleta.\" \/>\n<meta property=\"og:url\" content=\"https:\/\/www.condominiosverdes.com.br\/es\/no-vaya-por-las-escaleras-vaya-en-bicicleta\/\" \/>\n<meta property=\"og:site_name\" content=\"Condom\u00ednios Verdes\" \/>\n<meta property=\"article:publisher\" content=\"https:\/\/www.facebook.com\/blogcondominiosverdes\" \/>\n<meta property=\"article:published_time\" content=\"2017-09-18T13:30:05+00:00\" \/>\n<meta property=\"og:image\" content=\"https:\/\/www.condominiosverdes.com.br\/wp-content\/uploads\/2017\/08\/bicicleta-subir-escadas-03.jpg\" \/>\n\t<meta property=\"og:image:width\" content=\"750\" \/>\n\t<meta property=\"og:image:height\" content=\"563\" \/>\n\t<meta property=\"og:image:type\" content=\"image\/jpeg\" \/>\n<meta name=\"author\" content=\"Condom\u00ednios Verdes\" \/>\n<meta name=\"twitter:card\" content=\"summary_large_image\" \/>\n<meta name=\"twitter:creator\" content=\"@blogcondoverdes\" \/>\n<meta name=\"twitter:site\" content=\"@blogcondoverdes\" \/>\n<meta name=\"twitter:label1\" content=\"Escrito por\" \/>\n\t<meta name=\"twitter:data1\" content=\"Condom\u00ednios Verdes\" \/>\n\t<meta name=\"twitter:label2\" content=\"Tiempo de lectura\" \/>\n\t<meta name=\"twitter:data2\" content=\"2 minutos\" \/>\n<script type=\"application\/ld+json\" class=\"yoast-schema-graph\">{\"@context\":\"https:\\\/\\\/schema.org\",\"@graph\":[{\"@type\":\"Article\",\"@id\":\"https:\\\/\\\/www.condominiosverdes.com.br\\\/es\\\/no-vaya-por-las-escaleras-vaya-en-bicicleta\\\/#article\",\"isPartOf\":{\"@id\":\"https:\\\/\\\/www.condominiosverdes.com.br\\\/es\\\/no-vaya-por-las-escaleras-vaya-en-bicicleta\\\/\"},\"author\":{\"name\":\"Condom\u00ednios Verdes\",\"@id\":\"https:\\\/\\\/www.condominiosverdes.com.br\\\/#\\\/schema\\\/person\\\/8bf0c45f4cf121e8c256455f2d60a770\"},\"headline\":\"\u00a1No vaya por las escaleras! \u00bfVaya en bicicleta?\",\"datePublished\":\"2017-09-18T13:30:05+00:00\",\"mainEntityOfPage\":{\"@id\":\"https:\\\/\\\/www.condominiosverdes.com.br\\\/es\\\/no-vaya-por-las-escaleras-vaya-en-bicicleta\\\/\"},\"wordCount\":498,\"publisher\":{\"@id\":\"https:\\\/\\\/www.condominiosverdes.com.br\\\/#organization\"},\"image\":{\"@id\":\"https:\\\/\\\/www.condominiosverdes.com.br\\\/es\\\/no-vaya-por-las-escaleras-vaya-en-bicicleta\\\/#primaryimage\"},\"thumbnailUrl\":\"https:\\\/\\\/www.condominiosverdes.com.br\\\/wp-content\\\/uploads\\\/2017\\\/08\\\/bicicleta-subir-escadas-03.jpg\",\"keywords\":[\"arquitectura sostenible\",\"consumo consciente\",\"econom\u00eda de energ\u00eda\",\"slider\",\"tecnolog\u00eda\"],\"articleSection\":[\"Tecnolog\u00eda\"],\"inLanguage\":\"es\"},{\"@type\":\"WebPage\",\"@id\":\"https:\\\/\\\/www.condominiosverdes.com.br\\\/es\\\/no-vaya-por-las-escaleras-vaya-en-bicicleta\\\/\",\"url\":\"https:\\\/\\\/www.condominiosverdes.com.br\\\/es\\\/no-vaya-por-las-escaleras-vaya-en-bicicleta\\\/\",\"name\":\"\u00a1No vaya por las escaleras! \u00bfVaya en bicicleta? - Condom\u00ednios Verdes\",\"isPartOf\":{\"@id\":\"https:\\\/\\\/www.condominiosverdes.com.br\\\/#website\"},\"primaryImageOfPage\":{\"@id\":\"https:\\\/\\\/www.condominiosverdes.com.br\\\/es\\\/no-vaya-por-las-escaleras-vaya-en-bicicleta\\\/#primaryimage\"},\"image\":{\"@id\":\"https:\\\/\\\/www.condominiosverdes.com.br\\\/es\\\/no-vaya-por-las-escaleras-vaya-en-bicicleta\\\/#primaryimage\"},\"thumbnailUrl\":\"https:\\\/\\\/www.condominiosverdes.com.br\\\/wp-content\\\/uploads\\\/2017\\\/08\\\/bicicleta-subir-escadas-03.jpg\",\"datePublished\":\"2017-09-18T13:30:05+00:00\",\"description\":\"El ascensor es uno de los grandes villanos del consumo en un edificio. \u00bfalg\u00fan d\u00eda habr\u00e1 alternativa? La respuesta es s\u00ed: una bicicleta.\",\"breadcrumb\":{\"@id\":\"https:\\\/\\\/www.condominiosverdes.com.br\\\/es\\\/no-vaya-por-las-escaleras-vaya-en-bicicleta\\\/#breadcrumb\"},\"inLanguage\":\"es\",\"potentialAction\":[{\"@type\":\"ReadAction\",\"target\":[\"https:\\\/\\\/www.condominiosverdes.com.br\\\/es\\\/no-vaya-por-las-escaleras-vaya-en-bicicleta\\\/\"]}]},{\"@type\":\"ImageObject\",\"inLanguage\":\"es\",\"@id\":\"https:\\\/\\\/www.condominiosverdes.com.br\\\/es\\\/no-vaya-por-las-escaleras-vaya-en-bicicleta\\\/#primaryimage\",\"url\":\"https:\\\/\\\/www.condominiosverdes.com.br\\\/wp-content\\\/uploads\\\/2017\\\/08\\\/bicicleta-subir-escadas-03.jpg\",\"contentUrl\":\"https:\\\/\\\/www.condominiosverdes.com.br\\\/wp-content\\\/uploads\\\/2017\\\/08\\\/bicicleta-subir-escadas-03.jpg\",\"width\":750,\"height\":563,\"caption\":\"bicicleta-subir-escadas-03\"},{\"@type\":\"BreadcrumbList\",\"@id\":\"https:\\\/\\\/www.condominiosverdes.com.br\\\/es\\\/no-vaya-por-las-escaleras-vaya-en-bicicleta\\\/#breadcrumb\",\"itemListElement\":[{\"@type\":\"ListItem\",\"position\":1,\"name\":\"Home\",\"item\":\"https:\\\/\\\/www.condominiosverdes.com.br\\\/\"},{\"@type\":\"ListItem\",\"position\":2,\"name\":\"\u00a1No vaya por las escaleras! \u00bfVaya en bicicleta?\"}]},{\"@type\":\"WebSite\",\"@id\":\"https:\\\/\\\/www.condominiosverdes.com.br\\\/#website\",\"url\":\"https:\\\/\\\/www.condominiosverdes.com.br\\\/\",\"name\":\"Condom\u00ednios Verdes\",\"description\":\"\",\"publisher\":{\"@id\":\"https:\\\/\\\/www.condominiosverdes.com.br\\\/#organization\"},\"potentialAction\":[{\"@type\":\"SearchAction\",\"target\":{\"@type\":\"EntryPoint\",\"urlTemplate\":\"https:\\\/\\\/www.condominiosverdes.com.br\\\/?s={search_term_string}\"},\"query-input\":{\"@type\":\"PropertyValueSpecification\",\"valueRequired\":true,\"valueName\":\"search_term_string\"}}],\"inLanguage\":\"es\"},{\"@type\":\"Organization\",\"@id\":\"https:\\\/\\\/www.condominiosverdes.com.br\\\/#organization\",\"name\":\"Condom\u00ednios Verdes\",\"url\":\"https:\\\/\\\/www.condominiosverdes.com.br\\\/\",\"logo\":{\"@type\":\"ImageObject\",\"inLanguage\":\"es\",\"@id\":\"https:\\\/\\\/www.condominiosverdes.com.br\\\/#\\\/schema\\\/logo\\\/image\\\/\",\"url\":\"https:\\\/\\\/www.condominiosverdes.com.br\\\/wp-content\\\/uploads\\\/2017\\\/04\\\/Sele\u00e7\u00e3o_010.png\",\"contentUrl\":\"https:\\\/\\\/www.condominiosverdes.com.br\\\/wp-content\\\/uploads\\\/2017\\\/04\\\/Sele\u00e7\u00e3o_010.png\",\"width\":373,\"height\":167,\"caption\":\"Condom\u00ednios Verdes\"},\"image\":{\"@id\":\"https:\\\/\\\/www.condominiosverdes.com.br\\\/#\\\/schema\\\/logo\\\/image\\\/\"},\"sameAs\":[\"https:\\\/\\\/www.facebook.com\\\/blogcondominiosverdes\",\"https:\\\/\\\/x.com\\\/blogcondoverdes\",\"https:\\\/\\\/www.instagram.com\\\/condominiosverdes\\\/\"]},{\"@type\":\"Person\",\"@id\":\"https:\\\/\\\/www.condominiosverdes.com.br\\\/#\\\/schema\\\/person\\\/8bf0c45f4cf121e8c256455f2d60a770\",\"name\":\"Condom\u00ednios Verdes\"}]}<\/script>\n<!-- \/ Yoast SEO plugin. -->","yoast_head_json":{"title":"\u00a1No vaya por las escaleras! \u00bfVaya en bicicleta? - Condom\u00ednios Verdes","description":"El ascensor es uno de los grandes villanos del consumo en un edificio. \u00bfalg\u00fan d\u00eda habr\u00e1 alternativa? La respuesta es s\u00ed: una bicicleta.","robots":{"index":"index","follow":"follow","max-snippet":"max-snippet:-1","max-image-preview":"max-image-preview:large","max-video-preview":"max-video-preview:-1"},"canonical":"https:\/\/www.condominiosverdes.com.br\/es\/no-vaya-por-las-escaleras-vaya-en-bicicleta\/","og_locale":"es_ES","og_type":"article","og_title":"\u00a1No vaya por las escaleras! \u00bfVaya en bicicleta? - Condom\u00ednios Verdes","og_description":"El ascensor es uno de los grandes villanos del consumo en un edificio. \u00bfalg\u00fan d\u00eda habr\u00e1 alternativa? La respuesta es s\u00ed: una bicicleta.","og_url":"https:\/\/www.condominiosverdes.com.br\/es\/no-vaya-por-las-escaleras-vaya-en-bicicleta\/","og_site_name":"Condom\u00ednios Verdes","article_publisher":"https:\/\/www.facebook.com\/blogcondominiosverdes","article_published_time":"2017-09-18T13:30:05+00:00","og_image":[{"width":750,"height":563,"url":"https:\/\/www.condominiosverdes.com.br\/wp-content\/uploads\/2017\/08\/bicicleta-subir-escadas-03.jpg","type":"image\/jpeg"}],"author":"Condom\u00ednios Verdes","twitter_card":"summary_large_image","twitter_creator":"@blogcondoverdes","twitter_site":"@blogcondoverdes","twitter_misc":{"Escrito por":"Condom\u00ednios Verdes","Tiempo de lectura":"2 minutos"},"schema":{"@context":"https:\/\/schema.org","@graph":[{"@type":"Article","@id":"https:\/\/www.condominiosverdes.com.br\/es\/no-vaya-por-las-escaleras-vaya-en-bicicleta\/#article","isPartOf":{"@id":"https:\/\/www.condominiosverdes.com.br\/es\/no-vaya-por-las-escaleras-vaya-en-bicicleta\/"},"author":{"name":"Condom\u00ednios Verdes","@id":"https:\/\/www.condominiosverdes.com.br\/#\/schema\/person\/8bf0c45f4cf121e8c256455f2d60a770"},"headline":"\u00a1No vaya por las escaleras! \u00bfVaya en bicicleta?","datePublished":"2017-09-18T13:30:05+00:00","mainEntityOfPage":{"@id":"https:\/\/www.condominiosverdes.com.br\/es\/no-vaya-por-las-escaleras-vaya-en-bicicleta\/"},"wordCount":498,"publisher":{"@id":"https:\/\/www.condominiosverdes.com.br\/#organization"},"image":{"@id":"https:\/\/www.condominiosverdes.com.br\/es\/no-vaya-por-las-escaleras-vaya-en-bicicleta\/#primaryimage"},"thumbnailUrl":"https:\/\/www.condominiosverdes.com.br\/wp-content\/uploads\/2017\/08\/bicicleta-subir-escadas-03.jpg","keywords":["arquitectura sostenible","consumo consciente","econom\u00eda de energ\u00eda","slider","tecnolog\u00eda"],"articleSection":["Tecnolog\u00eda"],"inLanguage":"es"},{"@type":"WebPage","@id":"https:\/\/www.condominiosverdes.com.br\/es\/no-vaya-por-las-escaleras-vaya-en-bicicleta\/","url":"https:\/\/www.condominiosverdes.com.br\/es\/no-vaya-por-las-escaleras-vaya-en-bicicleta\/","name":"\u00a1No vaya por las escaleras! \u00bfVaya en bicicleta? - Condom\u00ednios Verdes","isPartOf":{"@id":"https:\/\/www.condominiosverdes.com.br\/#website"},"primaryImageOfPage":{"@id":"https:\/\/www.condominiosverdes.com.br\/es\/no-vaya-por-las-escaleras-vaya-en-bicicleta\/#primaryimage"},"image":{"@id":"https:\/\/www.condominiosverdes.com.br\/es\/no-vaya-por-las-escaleras-vaya-en-bicicleta\/#primaryimage"},"thumbnailUrl":"https:\/\/www.condominiosverdes.com.br\/wp-content\/uploads\/2017\/08\/bicicleta-subir-escadas-03.jpg","datePublished":"2017-09-18T13:30:05+00:00","description":"El ascensor es uno de los grandes villanos del consumo en un edificio. \u00bfalg\u00fan d\u00eda habr\u00e1 alternativa? La respuesta es s\u00ed: una bicicleta.","breadcrumb":{"@id":"https:\/\/www.condominiosverdes.com.br\/es\/no-vaya-por-las-escaleras-vaya-en-bicicleta\/#breadcrumb"},"inLanguage":"es","potentialAction":[{"@type":"ReadAction","target":["https:\/\/www.condominiosverdes.com.br\/es\/no-vaya-por-las-escaleras-vaya-en-bicicleta\/"]}]},{"@type":"ImageObject","inLanguage":"es","@id":"https:\/\/www.condominiosverdes.com.br\/es\/no-vaya-por-las-escaleras-vaya-en-bicicleta\/#primaryimage","url":"https:\/\/www.condominiosverdes.com.br\/wp-content\/uploads\/2017\/08\/bicicleta-subir-escadas-03.jpg","contentUrl":"https:\/\/www.condominiosverdes.com.br\/wp-content\/uploads\/2017\/08\/bicicleta-subir-escadas-03.jpg","width":750,"height":563,"caption":"bicicleta-subir-escadas-03"},{"@type":"BreadcrumbList","@id":"https:\/\/www.condominiosverdes.com.br\/es\/no-vaya-por-las-escaleras-vaya-en-bicicleta\/#breadcrumb","itemListElement":[{"@type":"ListItem","position":1,"name":"Home","item":"https:\/\/www.condominiosverdes.com.br\/"},{"@type":"ListItem","position":2,"name":"\u00a1No vaya por las escaleras! \u00bfVaya en bicicleta?"}]},{"@type":"WebSite","@id":"https:\/\/www.condominiosverdes.com.br\/#website","url":"https:\/\/www.condominiosverdes.com.br\/","name":"Condom\u00ednios Verdes","description":"","publisher":{"@id":"https:\/\/www.condominiosverdes.com.br\/#organization"},"potentialAction":[{"@type":"SearchAction","target":{"@type":"EntryPoint","urlTemplate":"https:\/\/www.condominiosverdes.com.br\/?s={search_term_string}"},"query-input":{"@type":"PropertyValueSpecification","valueRequired":true,"valueName":"search_term_string"}}],"inLanguage":"es"},{"@type":"Organization","@id":"https:\/\/www.condominiosverdes.com.br\/#organization","name":"Condom\u00ednios Verdes","url":"https:\/\/www.condominiosverdes.com.br\/","logo":{"@type":"ImageObject","inLanguage":"es","@id":"https:\/\/www.condominiosverdes.com.br\/#\/schema\/logo\/image\/","url":"https:\/\/www.condominiosverdes.com.br\/wp-content\/uploads\/2017\/04\/Sele\u00e7\u00e3o_010.png","contentUrl":"https:\/\/www.condominiosverdes.com.br\/wp-content\/uploads\/2017\/04\/Sele\u00e7\u00e3o_010.png","width":373,"height":167,"caption":"Condom\u00ednios Verdes"},"image":{"@id":"https:\/\/www.condominiosverdes.com.br\/#\/schema\/logo\/image\/"},"sameAs":["https:\/\/www.facebook.com\/blogcondominiosverdes","https:\/\/x.com\/blogcondoverdes","https:\/\/www.instagram.com\/condominiosverdes\/"]},{"@type":"Person","@id":"https:\/\/www.condominiosverdes.com.br\/#\/schema\/person\/8bf0c45f4cf121e8c256455f2d60a770","name":"Condom\u00ednios Verdes"}]}},"_links":{"self":[{"href":"https:\/\/www.condominiosverdes.com.br\/es\/wp-json\/wp\/v2\/posts\/9925","targetHints":{"allow":["GET"]}}],"collection":[{"href":"https:\/\/www.condominiosverdes.com.br\/es\/wp-json\/wp\/v2\/posts"}],"about":[{"href":"https:\/\/www.condominiosverdes.com.br\/es\/wp-json\/wp\/v2\/types\/post"}],"author":[{"embeddable":true,"href":"https:\/\/www.condominiosverdes.com.br\/es\/wp-json\/wp\/v2\/users\/1"}],"replies":[{"embeddable":true,"href":"https:\/\/www.condominiosverdes.com.br\/es\/wp-json\/wp\/v2\/comments?post=9925"}],"version-history":[{"count":3,"href":"https:\/\/www.condominiosverdes.com.br\/es\/wp-json\/wp\/v2\/posts\/9925\/revisions"}],"predecessor-version":[{"id":9928,"href":"https:\/\/www.condominiosverdes.com.br\/es\/wp-json\/wp\/v2\/posts\/9925\/revisions\/9928"}],"wp:featuredmedia":[{"embeddable":true,"href":"https:\/\/www.condominiosverdes.com.br\/es\/wp-json\/wp\/v2\/media\/9918"}],"wp:attachment":[{"href":"https:\/\/www.condominiosverdes.com.br\/es\/wp-json\/wp\/v2\/media?parent=9925"}],"wp:term":[{"taxonomy":"category","embeddable":true,"href":"https:\/\/www.condominiosverdes.com.br\/es\/wp-json\/wp\/v2\/categories?post=9925"},{"taxonomy":"post_tag","embeddable":true,"href":"https:\/\/www.condominiosverdes.com.br\/es\/wp-json\/wp\/v2\/tags?post=9925"}],"curies":[{"name":"wp","href":"https:\/\/api.w.org\/{rel}","templated":true}]}}